{"id":13394,"date":"2025-03-26T18:38:41","date_gmt":"2025-03-26T17:38:41","guid":{"rendered":"https:\/\/intbauspain.com\/uncategorized\/march-2025-news\/"},"modified":"2025-03-26T18:38:42","modified_gmt":"2025-03-26T17:38:42","slug":"march-2025-news","status":"publish","type":"post","link":"https:\/\/intbauspain.com\/en\/calls-and-prizes\/march-2025-news\/","title":{"rendered":"March 2025 \u2013 News"},"content":{"rendered":"<p>[et_pb_section fb_built=&#8221;1&#8243; _builder_version=&#8221;4.27.4&#8243; _module_preset=&#8221;default&#8221; global_colors_info=&#8221;{}&#8221;][et_pb_row _builder_version=&#8221;4.27.4&#8243; _module_preset=&#8221;default&#8221; global_colors_info=&#8221;{}&#8221;][et_pb_column type=&#8221;4_4&#8243; _builder_version=&#8221;4.27.4&#8243; _module_preset=&#8221;default&#8221; global_colors_info=&#8221;{}&#8221;][et_pb_image src=&#8221;https:\/\/intbauspain.com\/wp-content\/uploads\/2025\/03\/Medalla2024-3.jpg&#8221; title_text=&#8221;Medalla2024-3&#8243; align=&#8221;center&#8221; _builder_version=&#8221;4.27.4&#8243; _module_preset=&#8221;default&#8221; global_colors_info=&#8221;{}&#8221;][\/et_pb_image][et_pb_text _builder_version=&#8221;4.27.4&#8243; _module_preset=&#8221;default&#8221; global_colors_info=&#8221;{}&#8221;]<\/p>\n<p>Below you can find a selection of news related to traditional building, architecture and urban planning:<\/p>\n<p>[\/et_pb_text][\/et_pb_column][\/et_pb_row][et_pb_row _builder_version=&#8221;4.27.4&#8243; _module_preset=&#8221;default&#8221; global_colors_info=&#8221;{}&#8221;][et_pb_column type=&#8221;4_4&#8243; _builder_version=&#8221;4.27.4&#8243; _module_preset=&#8221;default&#8221; global_colors_info=&#8221;{}&#8221;][et_pb_text _builder_version=&#8221;4.27.4&#8243; _module_preset=&#8221;default&#8221; global_colors_info=&#8221;{}&#8221;]<\/p>\n<h4 style=\"text-align: center;\"><strong>\u2013 News \u2013<\/strong><\/h4>\n<p>[\/et_pb_text][\/et_pb_column][\/et_pb_row][et_pb_row column_structure=&#8221;2_5,3_5&#8243; _builder_version=&#8221;4.27.4&#8243; _module_preset=&#8221;default&#8221; global_colors_info=&#8221;{}&#8221;][et_pb_column type=&#8221;2_5&#8243; _builder_version=&#8221;4.27.4&#8243; _module_preset=&#8221;default&#8221; global_colors_info=&#8221;{}&#8221;][et_pb_image src=&#8221;https:\/\/intbauspain.com\/wp-content\/uploads\/2025\/03\/ConcursoTable.jpg&#8221; title_text=&#8221;ConcursoTable&#8221; _builder_version=&#8221;4.27.4&#8243; _module_preset=&#8221;default&#8221; global_colors_info=&#8221;{}&#8221;][\/et_pb_image][\/et_pb_column][et_pb_column type=&#8221;3_5&#8243; _builder_version=&#8221;4.27.4&#8243; _module_preset=&#8221;default&#8221; global_colors_info=&#8221;{}&#8221;][et_pb_text _builder_version=&#8221;4.27.4&#8243; _module_preset=&#8221;default&#8221; global_colors_info=&#8221;{}&#8221;]<\/p>\n<p><strong>Traditional Architecture Drawing Competition<\/strong> <\/p>\n<p>La Table Ronde de l&#8217;Architecture and INTBAU Belgium have launched a new drawing competition aimed at highlighting traditional architecture from regions around the world. Submissions must be sent by May 19, 2025, and should depict an existing house or residential complex. Only hand-drawing techniques are accepted. <\/p>\n<p>Selected works will be exhibited in Bruges and other venues (to be confirmed), as well as in an online exhibition. Prizes will be awarded for the most popular drawing on Instagram (May 24\u201331), the selection by La Table Ronde, and the winner chosen by Ben Pentreath Ltd. The prize will consist of a set of books. <\/p>\n<p><a href=\"https:\/\/www.latablerondearchitecture.com\/en\">More information<\/a><\/p>\n<p>[\/et_pb_text][\/et_pb_column][\/et_pb_row][et_pb_row column_structure=&#8221;2_5,3_5&#8243; _builder_version=&#8221;4.27.4&#8243; _module_preset=&#8221;default&#8221; global_colors_info=&#8221;{}&#8221;][et_pb_column type=&#8221;2_5&#8243; _builder_version=&#8221;4.27.4&#8243; _module_preset=&#8221;default&#8221; global_colors_info=&#8221;{}&#8221;][et_pb_image src=&#8221;https:\/\/intbauspain.com\/wp-content\/uploads\/2025\/03\/HispaniaNostra.jpg&#8221; title_text=&#8221;HispaniaNostra&#8221; _builder_version=&#8221;4.27.4&#8243; _module_preset=&#8221;default&#8221; global_colors_info=&#8221;{}&#8221;][\/et_pb_image][\/et_pb_column][et_pb_column type=&#8221;3_5&#8243; _builder_version=&#8221;4.27.4&#8243; _module_preset=&#8221;default&#8221; global_colors_info=&#8221;{}&#8221;][et_pb_text _builder_version=&#8221;4.27.4&#8243; _module_preset=&#8221;default&#8221; global_colors_info=&#8221;{}&#8221;]<\/p>\n<p><strong>Call for Entries: 2025 Hispania Nostra Awards for Best Practices in Cultural and Natural Heritage<\/strong> <\/p>\n<p>These awards aim to recognise and promote exemplary projects carried out in Spain in the field of cultural and natural heritage. They are granted to completed works distinguished by their quality and exemplary nature. <\/p>\n<p>The awards are presented in three categories: <br \/>\u2013 Intervention in the territory or landscape <br \/>\u2013 Heritage conservation as a factor for economic and social development <br \/>\u2013 Signage and dissemination of cultural and natural heritage <\/p>\n<p><a href=\"https:\/\/www.premios.hispanianostra.org\/convocatorias-premios-hispania-nostra\/\">More information<\/a><\/p>\n<p>[\/et_pb_text][\/et_pb_column][\/et_pb_row][et_pb_row column_structure=&#8221;2_5,3_5&#8243; _builder_version=&#8221;4.27.4&#8243; _module_preset=&#8221;default&#8221; global_colors_info=&#8221;{}&#8221;][et_pb_column type=&#8221;2_5&#8243; _builder_version=&#8221;4.27.4&#8243; _module_preset=&#8221;default&#8221; global_colors_info=&#8221;{}&#8221;][et_pb_image src=&#8221;https:\/\/intbauspain.com\/wp-content\/uploads\/2025\/03\/ArthurRossAwards.jpg&#8221; title_text=&#8221;ArthurRossAwards&#8221; _builder_version=&#8221;4.27.4&#8243; _module_preset=&#8221;default&#8221; global_colors_info=&#8221;{}&#8221;][\/et_pb_image][\/et_pb_column][et_pb_column type=&#8221;3_5&#8243; _builder_version=&#8221;4.27.4&#8243; _module_preset=&#8221;default&#8221; global_colors_info=&#8221;{}&#8221;][et_pb_text _builder_version=&#8221;4.27.4&#8243; _module_preset=&#8221;default&#8221; global_colors_info=&#8221;{}&#8221;]<\/p>\n<p><strong>ICAA Announces the Winners of the 2025 Arthur Ross Awards<\/strong> <\/p>\n<p>The Institute of Classical Architecture &amp; Art (ICAA) has announced the winners of the 2025 Arthur Ross Awards, which celebrate excellence in the classical tradition across a range of disciplines. The awards ceremony will take place on Monday, May 12, in New York City, where the following recipients will be honored: <\/p>\n<p>&#8211; Architecture: Hugh Petter (United Kingdom) <br \/>&#8211; Interior Design: Brockschmidt &amp; Coleman (United States) <br \/>&#8211; Craftsmanship: Hank Silver (France) <br \/>&#8211; Landscape Design: Craig Bergmann (United States)<br \/>&#8211; Historic Preservation: New York Landmarks Conservancy (United States) <\/p>\n<p>In addition, the Board of Directors has recognized writer and editor Clive Aslet for his outstanding contribution. <\/p>\n<p><a href=\"https:\/\/www.classicist.org\/articles\/the-icaa-announces-winners-of-the-2025-arthur-ross-awards-for-excellence-in-the-classical-tradition\/\">More information<\/a><\/p>\n<p>[\/et_pb_text][\/et_pb_column][\/et_pb_row][et_pb_row column_structure=&#8221;2_5,3_5&#8243; _builder_version=&#8221;4.27.4&#8243; _module_preset=&#8221;default&#8221; global_colors_info=&#8221;{}&#8221;][et_pb_column type=&#8221;2_5&#8243; _builder_version=&#8221;4.27.4&#8243; _module_preset=&#8221;default&#8221; global_colors_info=&#8221;{}&#8221;][et_pb_image src=&#8221;https:\/\/intbauspain.com\/wp-content\/uploads\/2025\/03\/JornadaMuseoCal.jpg&#8221; title_text=&#8221;JornadaMuseoCal&#8221; _builder_version=&#8221;4.27.4&#8243; _module_preset=&#8221;default&#8221; global_colors_info=&#8221;{}&#8221;][\/et_pb_image][\/et_pb_column][et_pb_column type=&#8221;3_5&#8243; _builder_version=&#8221;4.27.4&#8243; _module_preset=&#8221;default&#8221; global_colors_info=&#8221;{}&#8221;][et_pb_text _builder_version=&#8221;4.27.4&#8243; _module_preset=&#8221;default&#8221; global_colors_info=&#8221;{}&#8221;]<\/p>\n<p><strong>Mor\u00f3n de la Frontera Celebrates the 2025 European Days of Crafts<\/strong> <\/p>\n<p>As part of the 2025 European Days of Crafts, the Museo de la Cal in Mor\u00f3n de la Frontera will host a special event on April 5, running from 10:00 AM to 7:00 PM. The program will include lectures, panel discussions, and a guided tour of the museum, creating a space for dialogue and exchange on the value of traditional craftsmanship and its role in the preservation of cultural heritage.<\/p>\n<p><a href=\"https:\/\/museocaldemoron.com\/\">More information<\/a><\/p>\n<p>[\/et_pb_text][\/et_pb_column][\/et_pb_row][et_pb_row _builder_version=&#8221;4.27.4&#8243; _module_preset=&#8221;default&#8221; global_colors_info=&#8221;{}&#8221;][et_pb_column type=&#8221;4_4&#8243; _builder_version=&#8221;4.27.4&#8243; _module_preset=&#8221;default&#8221; global_colors_info=&#8221;{}&#8221;][et_pb_text _builder_version=&#8221;4.27.4&#8243; _module_preset=&#8221;default&#8221; global_colors_info=&#8221;{}&#8221;]<\/p>\n<h4 style=\"text-align: center;\"><strong>\u2013 Education \u2013<\/strong><\/h4>\n<p>[\/et_pb_text][\/et_pb_column][\/et_pb_row][et_pb_row column_structure=&#8221;2_5,3_5&#8243; _builder_version=&#8221;4.27.4&#8243; _module_preset=&#8221;default&#8221; global_colors_info=&#8221;{}&#8221;][et_pb_column type=&#8221;2_5&#8243; _builder_version=&#8221;4.27.4&#8243; _module_preset=&#8221;default&#8221; global_colors_info=&#8221;{}&#8221;][et_pb_image src=&#8221;https:\/\/intbauspain.com\/wp-content\/uploads\/2025\/03\/CursosTerrachidia.jpg&#8221; title_text=&#8221;CursosTerrachidia&#8221; _builder_version=&#8221;4.27.4&#8243; _module_preset=&#8221;default&#8221; global_colors_info=&#8221;{}&#8221;][\/et_pb_image][\/et_pb_column][et_pb_column type=&#8221;3_5&#8243; _builder_version=&#8221;4.27.4&#8243; _module_preset=&#8221;default&#8221; global_colors_info=&#8221;{}&#8221;][et_pb_text _builder_version=&#8221;4.27.4&#8243; _module_preset=&#8221;default&#8221; global_colors_info=&#8221;{}&#8221;]<\/p>\n<p><strong>Registration now open for the upcoming edition of Oasis Campus<\/strong> <\/p>\n<p>The workshop, organized by Terrachidia, will take place in the Inzerki Oasis, Morocco, from April 26 to May 3, 2025. Places are limited.<\/p>\n<p>In Inzerki participants will have the opportunity to study local architecture in depth and through hands-on experience, focusing on traditional building techniques such as dry stone, rammed earth, and adobe. They will also work on the construction of roofs using juniper wood and the application of earth-based plasters and tadelakt, all under the guidance of master craftsmen. <\/p>\n<p><a href=\"https:\/\/www.terrachidia.es\/oasis-campus\/\">More information<\/a><\/p>\n<p>[\/et_pb_text][\/et_pb_column][\/et_pb_row][et_pb_row column_structure=&#8221;2_5,3_5&#8243; _builder_version=&#8221;4.27.4&#8243; _module_preset=&#8221;default&#8221; global_colors_info=&#8221;{}&#8221;][et_pb_column type=&#8221;2_5&#8243; _builder_version=&#8221;4.27.4&#8243; _module_preset=&#8221;default&#8221; global_colors_info=&#8221;{}&#8221;][et_pb_image src=&#8221;https:\/\/intbauspain.com\/wp-content\/uploads\/2025\/03\/EscuelaBunesti.jpg&#8221; title_text=&#8221;EscuelaBunesti&#8221; _builder_version=&#8221;4.27.4&#8243; _module_preset=&#8221;default&#8221; global_colors_info=&#8221;{}&#8221;][\/et_pb_image][\/et_pb_column][et_pb_column type=&#8221;3_5&#8243; _builder_version=&#8221;4.27.4&#8243; _module_preset=&#8221;default&#8221; global_colors_info=&#8221;{}&#8221;][et_pb_text _builder_version=&#8221;4.27.4&#8243; _module_preset=&#8221;default&#8221; global_colors_info=&#8221;{}&#8221;]<\/p>\n<p><strong>Registration Open for the 2025 Bune\u0219ti School<\/strong> <\/p>\n<p>The Bune\u0219ti School in Romania has announced a series of hands-on workshops focused on vernacular architecture and natural building techniques. This immersive program, led by architect Ana Maria Goilav together with local and international experts, offers participants both theoretical and practical training. <\/p>\n<p>The week-long workshops will take place between April and August. Each session will include morning lectures on vernacular architecture and hands-on activities led by master artisans. <\/p>\n<p><a href=\"https:\/\/www.bunesti.ro\/\">More information<\/a><\/p>\n<p>[\/et_pb_text][\/et_pb_column][\/et_pb_row][et_pb_row column_structure=&#8221;2_5,3_5&#8243; _builder_version=&#8221;4.27.4&#8243; _module_preset=&#8221;default&#8221; global_colors_info=&#8221;{}&#8221;][et_pb_column type=&#8221;2_5&#8243; _builder_version=&#8221;4.27.4&#8243; _module_preset=&#8221;default&#8221; global_colors_info=&#8221;{}&#8221;][et_pb_image src=&#8221;https:\/\/intbauspain.com\/wp-content\/uploads\/2025\/03\/CursosAmara.jpg&#8221; title_text=&#8221;CursosAmara&#8221; _builder_version=&#8221;4.27.4&#8243; _module_preset=&#8221;default&#8221; global_colors_info=&#8221;{}&#8221;][\/et_pb_image][\/et_pb_column][et_pb_column type=&#8221;3_5&#8243; _builder_version=&#8221;4.27.4&#8243; _module_preset=&#8221;default&#8221; global_colors_info=&#8221;{}&#8221;][et_pb_text _builder_version=&#8221;4.27.4&#8243; _module_preset=&#8221;default&#8221; global_colors_info=&#8221;{}&#8221;]<\/p>\n<p><strong>Traditional Stone Paving Courses by Amara Carvajal<\/strong> <\/p>\n<p>Amara Carvajal, a member of the Spanish Network of Traditional Building Masters, will offer a series of specialized courses this year on the technique of traditional stone paving. The scheduled courses are as follows: <\/p>\n<p>&#8211; Ibort (Huesca) \u2013 May 16\u201318, organized by Elena Parra (information: elenaparra0@gmail.com) <br \/>&#8211; Torrijo de la Ca\u00f1ada (Zaragoza) \u2013 June 13\u201315, organized by @ladevanadera.rurales<br \/>&#8211; Used (Zaragoza) \u2013 July 18\u201320, organized by @asociacionfuset <br \/>&#8211; Mansilla de las Mulas (Le\u00f3n) \u2013 August 18\u201322, organized by @homofabercursos <\/p>\n<p>For more information on registration and course details, please contact the organizers directly.<\/p>\n<p>[\/et_pb_text][\/et_pb_column][\/et_pb_row][et_pb_row column_structure=&#8221;2_5,3_5&#8243; _builder_version=&#8221;4.27.4&#8243; _module_preset=&#8221;default&#8221; global_colors_info=&#8221;{}&#8221;][et_pb_column type=&#8221;2_5&#8243; _builder_version=&#8221;4.27.4&#8243; _module_preset=&#8221;default&#8221; global_colors_info=&#8221;{}&#8221;][et_pb_image src=&#8221;https:\/\/intbauspain.com\/wp-content\/uploads\/2025\/03\/CursosMuseoCal.jpg&#8221; title_text=&#8221;CursosMuseoCal&#8221; _builder_version=&#8221;4.27.4&#8243; _module_preset=&#8221;default&#8221; global_colors_info=&#8221;{}&#8221;][\/et_pb_image][\/et_pb_column][et_pb_column type=&#8221;3_5&#8243; _builder_version=&#8221;4.27.4&#8243; _module_preset=&#8221;default&#8221; global_colors_info=&#8221;{}&#8221;][et_pb_text _builder_version=&#8221;4.27.4&#8243; _module_preset=&#8221;default&#8221; global_colors_info=&#8221;{}&#8221;]<\/p>\n<p><strong>Upcoming Workshops on Traditional Building Techniques Organized by the Museo de la Cal de Mor\u00f3n<\/strong> <\/p>\n<p>Throughout March and April, several hands-on workshops will be held focusing on the use of traditional materials and techniques in construction and heritage restoration.<\/p>\n<p>&#8211; March 22\u201323: The Museo de la Cal de Mor\u00f3n will host a hands on Workshop on the application of Tadelakt, led by Jos\u00e9 Calvente. <\/p>\n<p>&#8211; March 29: At Estudio Bagua, Plaza Cervantes 21, 1-1, Alcal\u00e1 de Henares, an Intensive introductory workshop on artistic sgraffito technique will be held, taught by Ingrid G. Cruz. <\/p>\n<p>&#8211; April 23\u201325: The Andalusian Institute of Historical Heritage (Seville) will host a hands-on workshop on lime and its uses in the restoration of historic heritage and old buildings, led by Luis Prieto. <\/p>\n<p><a href=\"https:\/\/museocaldemoron.com\/index.html\">More information<\/a><\/p>\n<p>[\/et_pb_text][\/et_pb_column][\/et_pb_row][et_pb_row column_structure=&#8221;2_5,3_5&#8243; _builder_version=&#8221;4.27.4&#8243; _module_preset=&#8221;default&#8221; global_colors_info=&#8221;{}&#8221;][et_pb_column type=&#8221;2_5&#8243; _builder_version=&#8221;4.27.4&#8243; _module_preset=&#8221;default&#8221; global_colors_info=&#8221;{}&#8221;][et_pb_image src=&#8221;https:\/\/intbauspain.com\/wp-content\/uploads\/2025\/03\/CursoPiedraSeca.jpg&#8221; title_text=&#8221;CursoPiedraSeca&#8221; _builder_version=&#8221;4.27.4&#8243; _module_preset=&#8221;default&#8221; global_colors_info=&#8221;{}&#8221;][\/et_pb_image][\/et_pb_column][et_pb_column type=&#8221;3_5&#8243; _builder_version=&#8221;4.27.4&#8243; _module_preset=&#8221;default&#8221; global_colors_info=&#8221;{}&#8221;][et_pb_text _builder_version=&#8221;4.27.4&#8243; _module_preset=&#8221;default&#8221; global_colors_info=&#8221;{}&#8221;]<\/p>\n<p><strong>Introductory workshop on dry stone construction: Terraces <\/strong><\/p>\n<p>The Museo Cal de Mor\u00f3n is organizing a hands-on introductory workshop on dry stone construction, focused on the building of terraces. The activity will take place on April 26 and 27, 2025, in Braojos de la Sierra (Madrid), and will be led by Luis Garc\u00eda Valera. Participants will have the opportunity to learn about this traditional technique. <\/p>\n<p><a href=\"https:\/\/museocaldemoron.com\/index.html\">More information<\/a><\/p>\n<p>[\/et_pb_text][\/et_pb_column][\/et_pb_row][et_pb_row column_structure=&#8221;2_5,3_5&#8243; _builder_version=&#8221;4.27.4&#8243; _module_preset=&#8221;default&#8221; global_colors_info=&#8221;{}&#8221;][et_pb_column type=&#8221;2_5&#8243; _builder_version=&#8221;4.27.4&#8243; _module_preset=&#8221;default&#8221; global_colors_info=&#8221;{}&#8221;][et_pb_image src=&#8221;https:\/\/intbauspain.com\/wp-content\/uploads\/2025\/03\/MasterConstruccion.jpg&#8221; title_text=&#8221;MasterConstruccion&#8221; _builder_version=&#8221;4.27.4&#8243; _module_preset=&#8221;default&#8221; global_colors_info=&#8221;{}&#8221;][\/et_pb_image][\/et_pb_column][et_pb_column type=&#8221;3_5&#8243; _builder_version=&#8221;4.27.4&#8243; _module_preset=&#8221;default&#8221; global_colors_info=&#8221;{}&#8221;][et_pb_text _builder_version=&#8221;4.27.4&#8243; _module_preset=&#8221;default&#8221; global_colors_info=&#8221;{}&#8221;]<\/p>\n<p><strong>Call for Applications: International Master\u2019s in Structural Analysis of Monuments and Historical Constructions<\/strong> <\/p>\n<p>Applications are open until May 20, 2025, for the Advanced Master in Structural Analysis of Monuments and Historical Constructions (SAHC). The program is organized by a consortium of European universities, including the University of Minho (Portugal), the Universitat Polit\u00e8cnica de Catalunya (Spain), the Czech Technical University in Prague, the University of Padua (Italy), and the Institute of Theoretical and Applied Mechanics of the Czech Academy of Sciences. The master&#8217;s program combines advanced research with practical application. <\/p>\n<p><a href=\"https:\/\/msc-sahc.org\/\">More information<\/a><\/p>\n<p>[\/et_pb_text][\/et_pb_column][\/et_pb_row][et_pb_row _builder_version=&#8221;4.27.4&#8243; _module_preset=&#8221;default&#8221; global_colors_info=&#8221;{}&#8221;][et_pb_column type=&#8221;4_4&#8243; _builder_version=&#8221;4.27.4&#8243; _module_preset=&#8221;default&#8221; global_colors_info=&#8221;{}&#8221;][et_pb_text _builder_version=&#8221;4.27.4&#8243; _module_preset=&#8221;default&#8221; global_colors_info=&#8221;{}&#8221;]<\/p>\n<h4 style=\"text-align: center;\"><strong>\u2013 Conferences, seminars and lectures \u2013<\/strong><\/h4>\n<p>[\/et_pb_text][\/et_pb_column][\/et_pb_row][et_pb_row column_structure=&#8221;2_5,3_5&#8243; _builder_version=&#8221;4.27.4&#8243; _module_preset=&#8221;default&#8221; global_colors_info=&#8221;{}&#8221;][et_pb_column type=&#8221;2_5&#8243; _builder_version=&#8221;4.27.4&#8243; _module_preset=&#8221;default&#8221; global_colors_info=&#8221;{}&#8221;][et_pb_image src=&#8221;https:\/\/intbauspain.com\/wp-content\/uploads\/2025\/03\/CongresoINTBAU.jpg&#8221; title_text=&#8221;CongresoINTBAU&#8221; _builder_version=&#8221;4.27.4&#8243; _module_preset=&#8221;default&#8221; global_colors_info=&#8221;{}&#8221;][\/et_pb_image][\/et_pb_column][et_pb_column type=&#8221;3_5&#8243; _builder_version=&#8221;4.27.4&#8243; _module_preset=&#8221;default&#8221; global_colors_info=&#8221;{}&#8221;][et_pb_text _builder_version=&#8221;4.27.4&#8243; _module_preset=&#8221;default&#8221; global_colors_info=&#8221;{}&#8221;]<\/p>\n<p><strong>INTBAU World Congress 2025<\/strong> <\/p>\n<p>The fifth INTBAU World Congress will take place in London from 22 to 24 October 2025, coinciding with the 25th anniversary of the organization. <\/p>\n<p>The program will include site visits, lectures, and a dedicated day focused on the future of traditional architecture. The event will be held at Chelsea Old Town Hall, with an additional visit to Nansledan on 25 October. Full event details will be announced soon. <\/p>\n<p><a href=\"https:\/\/www.intbau.org\/wc25\/\">More information<\/a><\/p>\n<p>[\/et_pb_text][\/et_pb_column][\/et_pb_row][et_pb_row column_structure=&#8221;2_5,3_5&#8243; _builder_version=&#8221;4.27.4&#8243; _module_preset=&#8221;default&#8221; global_colors_info=&#8221;{}&#8221;][et_pb_column type=&#8221;2_5&#8243; _builder_version=&#8221;4.27.4&#8243; _module_preset=&#8221;default&#8221; global_colors_info=&#8221;{}&#8221;][et_pb_image src=&#8221;https:\/\/intbauspain.com\/wp-content\/uploads\/2025\/03\/CongresoQatar.jpg&#8221; title_text=&#8221;CongresoQatar&#8221; _builder_version=&#8221;4.27.4&#8243; _module_preset=&#8221;default&#8221; global_colors_info=&#8221;{}&#8221;][\/et_pb_image][\/et_pb_column][et_pb_column type=&#8221;3_5&#8243; _builder_version=&#8221;4.27.4&#8243; _module_preset=&#8221;default&#8221; global_colors_info=&#8221;{}&#8221;][et_pb_text _builder_version=&#8221;4.27.4&#8243; _module_preset=&#8221;default&#8221; global_colors_info=&#8221;{}&#8221;]<\/p>\n<p><strong>INTBAU Qatar Congress at the Earthna Summit<\/strong> <\/p>\n<p>The INTBAU Qatar Congress will take place on 22 and 23 April as part of the Earthna Summit, held at Bin Jelmood House in Msheireb, Doha. The event will bring together experts and professionals from around the world to discuss traditional and sustainable architecture. Further details, including registration information, will be announced soon. <\/p>\n<p><a href=\"https:\/\/intbauqatar.earth\/\">More information<\/a><\/p>\n<p>[\/et_pb_text][\/et_pb_column][\/et_pb_row][et_pb_row column_structure=&#8221;2_5,3_5&#8243; _builder_version=&#8221;4.27.4&#8243; _module_preset=&#8221;default&#8221; global_colors_info=&#8221;{}&#8221;][et_pb_column type=&#8221;2_5&#8243; _builder_version=&#8221;4.27.4&#8243; _module_preset=&#8221;default&#8221; global_colors_info=&#8221;{}&#8221;][et_pb_image src=&#8221;https:\/\/intbauspain.com\/wp-content\/uploads\/2025\/03\/LaMiarcaNuere.jpg&#8221; title_text=&#8221;LaMiarcaNuere&#8221; _builder_version=&#8221;4.27.4&#8243; _module_preset=&#8221;default&#8221; global_colors_info=&#8221;{}&#8221;][\/et_pb_image][\/et_pb_column][et_pb_column type=&#8221;3_5&#8243; _builder_version=&#8221;4.27.4&#8243; _module_preset=&#8221;default&#8221; global_colors_info=&#8221;{}&#8221;][et_pb_text _builder_version=&#8221;4.27.4&#8243; _module_preset=&#8221;default&#8221; global_colors_info=&#8221;{}&#8221;]<\/p>\n<p><strong>La Milarca presents a lecture series with architect Enrique Nuere <\/strong><\/p>\n<p>The cultural center La Milarca, located in San Pedro Garza Garc\u00eda, Mexico, is hosting a lecture series by architect Enrique Nuere Matouco, a renowned specialist in traditional Mudejar carpentry. <\/p>\n<p>On Monday, March 31, he will give a talk titled &#8220;The Ceilings of La Milarca&#8221;, followed by &#8220;The Ceilings of the Alhambra&#8221; on Tuesday, April 1. Both sessions will take place at 7:00 PM in Parque Rufino Tamayo. Admission is free until full capacity is reached. <\/p>\n<p><a href=\"https:\/\/museolamilarca.mx\/\">More information<\/a><\/p>\n<p>[\/et_pb_text][\/et_pb_column][\/et_pb_row][et_pb_row column_structure=&#8221;2_5,3_5&#8243; _builder_version=&#8221;4.27.4&#8243; _module_preset=&#8221;default&#8221; global_colors_info=&#8221;{}&#8221;][et_pb_column type=&#8221;2_5&#8243; _builder_version=&#8221;4.27.4&#8243; _module_preset=&#8221;default&#8221; global_colors_info=&#8221;{}&#8221;][et_pb_image src=&#8221;https:\/\/intbauspain.com\/wp-content\/uploads\/2025\/03\/CongresoBaltanas.jpg&#8221; title_text=&#8221;CongresoBaltana\u0301s&#8221; _builder_version=&#8221;4.27.4&#8243; _module_preset=&#8221;default&#8221; global_colors_info=&#8221;{}&#8221;][\/et_pb_image][\/et_pb_column][et_pb_column type=&#8221;3_5&#8243; _builder_version=&#8221;4.27.4&#8243; _module_preset=&#8221;default&#8221; global_colors_info=&#8221;{}&#8221;][et_pb_text _builder_version=&#8221;4.27.4&#8243; _module_preset=&#8221;default&#8221; global_colors_info=&#8221;{}&#8221;]<\/p>\n<p><strong>Baltan\u00e1s to Host the 5th International Forum Congress on Historic Winery Districts<\/strong> <\/p>\n<p>The City Council of Baltan\u00e1s (Palencia) has announced the 5th edition of the International Forum Congress on Historic Winery Districts, to be held on April 3 and 4, 2025, at the Centro Cultural Polivalente de Baltan\u00e1s. Under the theme &#8220;Tradition, Protection, and Conservation&#8221;, the event will bring together experts, researchers, and professionals to discuss the preservation of these unique architectural ensembles linked to viticultural culture. <\/p>\n<p>The winery district of Baltan\u00e1s, declared a Bien de Inter\u00e9s Cultural (Asset of Cultural Interest), is a landmark of ethnographic and architectural heritage in the Cerrato Palentino region. Comprising 374 cellars excavated into a hillside and arranged across six levels, it is one of the most remarkable examples of underground winery architecture in the Iberian Peninsula. <\/p>\n<p>Baltan\u00e1s was also one of the selected sites in the most recent edition of the Richard H. Driehaus Architecture Competition, organized by the Traditional Building Cultures Foundation in collaboration with INTBAU Spain. <\/p>\n<p><a href=\"https:\/\/congresobodegasbaltanas.com\/\">More information<\/a><\/p>\n<p>[\/et_pb_text][\/et_pb_column][\/et_pb_row][et_pb_row column_structure=&#8221;2_5,3_5&#8243; _builder_version=&#8221;4.27.4&#8243; _module_preset=&#8221;default&#8221; global_colors_info=&#8221;{}&#8221;][et_pb_column type=&#8221;2_5&#8243; _builder_version=&#8221;4.27.4&#8243; _module_preset=&#8221;default&#8221; global_colors_info=&#8221;{}&#8221;][et_pb_image src=&#8221;https:\/\/intbauspain.com\/wp-content\/uploads\/2025\/03\/ConferenciaUPV.jpg&#8221; title_text=&#8221;ConferenciaUPV&#8221; _builder_version=&#8221;4.27.4&#8243; _module_preset=&#8221;default&#8221; global_colors_info=&#8221;{}&#8221;][\/et_pb_image][\/et_pb_column][et_pb_column type=&#8221;3_5&#8243; _builder_version=&#8221;4.27.4&#8243; _module_preset=&#8221;default&#8221; global_colors_info=&#8221;{}&#8221;][et_pb_text _builder_version=&#8221;4.27.4&#8243; _module_preset=&#8221;default&#8221; global_colors_info=&#8221;{}&#8221;]<\/p>\n<p><strong>Lecture: &#8220;Arquitectura vern\u00e1cula. Los Putucos de Puno, Per\u00fa&#8221;<\/strong> <\/p>\n<p>The UNESCO Chair \u201cEarthen architecture, building cultures and sustainable development\u201d has organized a new lecture titled &#8220;Arquitectura vern\u00e1cula. Los Putucos de Puno, Per\u00fa&#8221;, delivered by Daniela Paredes Malma (Universidad Cat\u00f3lica San Pablo and Universitat Rovira i Virgili). <\/p>\n<p><a href=\"https:\/\/www.youtube.com\/watch?v=a44zUMNnYwo\">More information<\/a><\/p>\n<p>[\/et_pb_text][\/et_pb_column][\/et_pb_row][et_pb_row _builder_version=&#8221;4.27.4&#8243; _module_preset=&#8221;default&#8221; global_colors_info=&#8221;{}&#8221;][et_pb_column type=&#8221;4_4&#8243; _builder_version=&#8221;4.27.4&#8243; _module_preset=&#8221;default&#8221; global_colors_info=&#8221;{}&#8221;][et_pb_button button_url=&#8221;https:\/\/intbauspain.com\/en\/join-us\/&#8221; url_new_window=&#8221;on&#8221; button_text=&#8221;Subscribe to INTBAU Spain&#039;s monthly newsletter&#8221; button_alignment=&#8221;center&#8221; _builder_version=&#8221;4.27.4&#8243; _module_preset=&#8221;default&#8221; global_colors_info=&#8221;{}&#8221;][\/et_pb_button][\/et_pb_column][\/et_pb_row][\/et_pb_section]<\/p>\n","protected":false},"excerpt":{"rendered":"<p>Below you can find a selection of news related to traditional building, architecture and urban planning:\u2013 News \u2013Traditional Architecture Drawing Competition La Table Ronde de l&#8217;Architecture and INTBAU Belgium have launched a new drawing competition aimed at highlighting traditional architecture from regions around the world. Submissions must be sent by May 19, 2025, and should [&hellip;]<\/p>\n","protected":false},"author":7,"featured_media":13386,"comment_status":"closed","ping_status":"closed","sticky":false,"template":"","format":"standard","meta":{"_et_pb_use_builder":"on","_et_pb_old_content":"","_et_gb_content_width":"","footnotes":""},"categories":[91,93,92],"tags":[],"class_list":["post-13394","post","type-post","status-publish","format-standard","has-post-thumbnail","hentry","category-calls-and-prizes","category-research-and-dissemination","category-training"],"_links":{"self":[{"href":"https:\/\/intbauspain.com\/en\/wp-json\/wp\/v2\/posts\/13394","targetHints":{"allow":["GET"]}}],"collection":[{"href":"https:\/\/intbauspain.com\/en\/wp-json\/wp\/v2\/posts"}],"about":[{"href":"https:\/\/intbauspain.com\/en\/wp-json\/wp\/v2\/types\/post"}],"author":[{"embeddable":true,"href":"https:\/\/intbauspain.com\/en\/wp-json\/wp\/v2\/users\/7"}],"replies":[{"embeddable":true,"href":"https:\/\/intbauspain.com\/en\/wp-json\/wp\/v2\/comments?post=13394"}],"version-history":[{"count":2,"href":"https:\/\/intbauspain.com\/en\/wp-json\/wp\/v2\/posts\/13394\/revisions"}],"predecessor-version":[{"id":13396,"href":"https:\/\/intbauspain.com\/en\/wp-json\/wp\/v2\/posts\/13394\/revisions\/13396"}],"wp:featuredmedia":[{"embeddable":true,"href":"https:\/\/intbauspain.com\/en\/wp-json\/wp\/v2\/media\/13386"}],"wp:attachment":[{"href":"https:\/\/intbauspain.com\/en\/wp-json\/wp\/v2\/media?parent=13394"}],"wp:term":[{"taxonomy":"category","embeddable":true,"href":"https:\/\/intbauspain.com\/en\/wp-json\/wp\/v2\/categories?post=13394"},{"taxonomy":"post_tag","embeddable":true,"href":"https:\/\/intbauspain.com\/en\/wp-json\/wp\/v2\/tags?post=13394"}],"curies":[{"name":"wp","href":"https:\/\/api.w.org\/{rel}","templated":true}]}}